{"provider_url": "https://www.saogotardo.mg.leg.br", "title": ".", "html": "<p>A C\u00e2mara Municipal de S\u00e3o Gotardo por meio de seu presidente Fernando Albuquerque Fran\u00e7a, convida toda a popula\u00e7\u00e3o para uma Audi\u00eancia P\u00fablica, a fim de debater a Implementa\u00e7\u00e3o do Conselho Municipal dos Direitos das Pessoas com Defici\u00eancia e a Cria\u00e7\u00e3o do Fundo Municipal dos Direitos da Pessoa com Defici\u00eancia.\u00a0 Presen\u00e7a do presidente do Conselho Estadual dos Direitos da Pessoa com Defici\u00eancia de Minas Gerais - CONPED, Roberto Carlos Pinto.</p>\r\n<ul>\r\n<li>Dia 29/05 - quinta-feira,</li>\r\n<li>13 horas.</li>\r\n<li>Local, C\u00e2mara Municipal de S\u00e3o Gotardo - Plen\u00e1rio Jos\u00e9 Alves de Oliveira.</li>\r\n</ul>\r\n<p>\u00a0</p>\r\n<p>C\u00e2mara Municipal de S\u00e3o Gotardo, um Legislativo forte e atuante.</p>", "author_name": "", "version": "1.0", "author_url": "https://www.saogotardo.mg.leg.br/author/imprensa", "provider_name": "C\u00e2mara Municipal de S\u00e3o Gotardo - MG", "type": "rich"}