{"provider_url": "https://www.saogotardo.mg.leg.br", "title": ".", "html": "<p>ABRIL AZUL M\u00caS DA CONSCIENTIZA\u00c7\u00c3O SOBRE O AUTISMO</p>\r\n<p>O m\u00eas de abril \u00e9 marcado pela cor azul em alus\u00e3o \u00e0 conscientiza\u00e7\u00e3o sobre o Transtorno do Espectro Autista (TEA). A campanha Abril Azul tem como objetivo informar, sensibilizar e promover a inclus\u00e3o das pessoas autistas em todos os espa\u00e7os da sociedade.</p>\r\n<p>Celebrado no dia 2 de abril, o Dia Mundial e Dia Municipal de Conscientiza\u00e7\u00e3o do <i>Autismo (Lei Municipal n\u00ba 2832 de 18 de mar\u00e7o de 2025)</i>, refor\u00e7a a import\u00e2ncia de combater o preconceito, garantir os direitos e promover o respeito \u00e0 diversidade. O autismo n\u00e3o tem uma \u00fanica forma de se manifestar, ele \u00e9 um espectro, com diferentes caracter\u00edsticas, n\u00edveis de suporte e formas de comunica\u00e7\u00e3o.</p>\r\n<p>Mais do que visibilidade, o Abril Azul nos convida \u00e0 empatia, ao acolhimento e \u00e0 valoriza\u00e7\u00e3o das potencialidades de cada pessoa autista.</p>\r\n<p>Educa\u00e7\u00e3o, acesso a diagn\u00f3stico precoce, terapias adequadas e inclus\u00e3o, s\u00e3o passos essenciais para construirmos uma sociedade mais justa e igualit\u00e1ria.</p>\r\n<p>Neste m\u00eas e em todos os outros, que possamos olhar com mais aten\u00e7\u00e3o, ouvir com mais paci\u00eancia e agir com mais respeito.</p>\r\n<p>Autismo: conhecer para incluir.</p>", "author_name": "", "version": "1.0", "author_url": "https://www.saogotardo.mg.leg.br/author/imprensa", "provider_name": "C\u00e2mara Municipal de S\u00e3o Gotardo - MG", "type": "rich"}