{"provider_url": "https://www.saogotardo.mg.leg.br", "title": "Estrutura", "html": "<table class=\"plain\">\r\n<tbody>\r\n<tr><th><strong>Presid\u00eancia da C\u00e2mara Municipal</strong></th></tr>\r\n<tr>\r\n<td>Rithelle Silva</td>\r\n</tr>\r\n<tr>\r\n<td><span>(34) 3671-1718</span></td>\r\n</tr>\r\n</tbody>\r\n</table>\r\n<table class=\"plain\">\r\n<tbody>\r\n<tr><th><strong>Mesa Diretora</strong></th></tr>\r\n<tr>\r\n<td>Vice-Presidente: Ren\u00ea Luiz Ferreira</td>\r\n</tr>\r\n<tr>\r\n<td>1\u00b0 Secret\u00e1rio: Adriano Leonel de Andrade</td>\r\n</tr>\r\n<tr>\r\n<td>2\u00b0 Secret\u00e1ria: Roberto Carlos de Oliveira</td>\r\n</tr>\r\n</tbody>\r\n</table>\r\n<table class=\"plain\">\r\n<tbody>\r\n<tr><th>Chefe de Gabinete\u00a0</th></tr>\r\n<tr><th>O Gabinete da Presid\u00eancia \u00e9 o \u00f3rg\u00e3o de suporte, assessoramento e coordena\u00e7\u00e3o dos trabalhos da Presid\u00eancia da C\u00e2mara Municipal, que tem como compet\u00eancia o suporte t\u00e9cnico-administrativo ao Presidente da C\u00e2mara no exerc\u00edcio das suas fun\u00e7\u00f5es, prerrogativas e responsabilidades.</th></tr>\r\n<tr>\r\n<td>Anivaldo Jos\u00e9 Barbosa</td>\r\n</tr>\r\n<tr>\r\n<td><span>(34) 3671-1718 - Ramal 209</span></td>\r\n</tr>\r\n</tbody>\r\n</table>\r\n<table class=\"plain\">\r\n<tbody>\r\n<tr><th>Procurador Geral da C\u00e2mara</th></tr>\r\n<tr><th>A Procuradoria Geral da C\u00e2mara Municipal de S\u00e3o Gotardo tem como fun\u00e7\u00e3o representar e orientar o Poder Legislativo nos assuntos pertinentes \u00e0 justi\u00e7a e a legisla\u00e7\u00e3o, al\u00e9m da representa\u00e7\u00e3o \u201cad judicia\u201d nas quest\u00f5es em que tiver interesse como autor, r\u00e9u, interveniente ou oponente.</th></tr>\r\n<tr>\r\n<td>Matheus Pires</td>\r\n</tr>\r\n<tr>\r\n<td><span>(34) 3671-1718 - Ramal 210</span></td>\r\n</tr>\r\n</tbody>\r\n</table>\r\n<table class=\"plain\">\r\n<tbody>\r\n<tr><th>Diretor de Controle Interno</th></tr>\r\n<tr><th>A Diretoria de Controle Interno \u00e9 \u00f3rg\u00e3o de assessoramento t\u00e9cnico vinculado diretamente \u00e0 Presid\u00eancia da C\u00e2mara Municipal incumbida de criar mecanismos de controle dos atos e fatos administrativos, visando atender a legisla\u00e7\u00e3o pertinente e cumprir os princ\u00edpios constitucionais de legalidade, impessoalidade, moralidade, publicidade e efici\u00eancia.</th></tr>\r\n<tr>\r\n<td>Larissa Anne</td>\r\n</tr>\r\n<tr>\r\n<td><span>(34) 3671-1718 - Ramal 223</span></td>\r\n</tr>\r\n</tbody>\r\n</table>\r\n<table class=\"plain\">\r\n<tbody>\r\n<tr><th>Diretor de Secretaria</th></tr>\r\n<tr><th>A Diretoria de Secretaria \u00e9 o \u00f3rg\u00e3o respons\u00e1vel por gerenciar as atividades da Secretaria da C\u00e2mara Municipal.</th></tr>\r\n<tr>\r\n<td>Carolina Camargos Mendes da Cunha\u00a0</td>\r\n</tr>\r\n<tr>\r\n<td><span>(34) 3671-1718 - Ramal 208</span></td>\r\n</tr>\r\n</tbody>\r\n</table>\r\n<table class=\"plain\">\r\n<tbody>\r\n<tr><th>Diretor de Finan\u00e7as</th></tr>\r\n<tr><th>A Diretoria de Finan\u00e7as \u00e9 o \u00f3rg\u00e3o respons\u00e1vel por gerir as atividades financeiras da C\u00e2mara Municipal de S\u00e3o Gotardo, ordenados pelo Presidente.</th></tr>\r\n<tr>\r\n<td>Rayana Yamagami</td>\r\n</tr>\r\n<tr>\r\n<td><span>(34) 3671-1718 - Ramal 201</span></td>\r\n</tr>\r\n</tbody>\r\n</table>\r\n<table class=\"plain\">\r\n<tbody>\r\n<tr><th>Diretor Cont\u00e1bil</th></tr>\r\n<tr><th>A Diretoria Cont\u00e1bil \u00e9 o \u00f3rg\u00e3o respons\u00e1vel por gerir as atividades cont\u00e1beis, or\u00e7ament\u00e1rias e financeiras da C\u00e2mara Municipal de S\u00e3o Gotardo.</th></tr>\r\n<tr>\r\n<td>Marl\u00facia Maria de Oliveira Chagas</td>\r\n</tr>\r\n<tr>\r\n<td><span>(34) 3671-1718 - Ramal 201</span></td>\r\n</tr>\r\n</tbody>\r\n</table>\r\n<table class=\"plain\">\r\n<tbody>\r\n<tr><th>Diretor de Compras e Contratos</th></tr>\r\n<tr><th>A Diretoria de Compras e Contratos \u00e9 o \u00f3rg\u00e3o para coordenar a execu\u00e7\u00e3o das atividades relacionadas planejamento, organiza\u00e7\u00e3o e controle das compras e contratos necess\u00e1rios ao funcionamento do Poder Legislativo.</th></tr>\r\n<tr>\r\n<td>Ricardo Sousa</td>\r\n</tr>\r\n<tr>\r\n<td><span>(34) 3671-1718</span></td>\r\n</tr>\r\n</tbody>\r\n</table>\r\n<table class=\"plain\">\r\n<tbody>\r\n<tr><th>Diretor de Imprensa e Rela\u00e7\u00f5es P\u00fablicas</th></tr>\r\n<tr><th>A Diretoria de Imprensa e Rela\u00e7\u00f5es P\u00fablicas \u00e9 o \u00f3rg\u00e3o de assessoramento para o planejamento e desenvolvimento das a\u00e7\u00f5es estrat\u00e9gicas de marketing, divulga\u00e7\u00e3o e informa\u00e7\u00e3o da C\u00e2mara Municipal destinadas \u00e0 coordena\u00e7\u00e3o, o assessoramento e a execu\u00e7\u00e3o de todas as atividades relacionadas \u00e0 comunica\u00e7\u00e3o social e institucional do Poder Legislativo.</th></tr>\r\n<tr>\r\n<td>Agnaldo Jos\u00e9 de Freitas</td>\r\n</tr>\r\n<tr>\r\n<td><span>(34) 3671-1718</span></td>\r\n</tr>\r\n</tbody>\r\n</table>\r\n<table class=\"plain\">\r\n<tbody>\r\n<tr><th>Agente de Contrata\u00e7\u00e3o</th></tr>\r\n<tr>\r\n<td>Luiz Paulo da Silva</td>\r\n</tr>\r\n<tr>\r\n<td><span>(34) 3671-1718 - Ramal 223</span></td>\r\n</tr>\r\n</tbody>\r\n</table>\r\n<table class=\"plain\">\r\n<tbody>\r\n<tr><th>Assessoria Parlamentar</th></tr>\r\n<tr><th><strong>Os Assessores Parlamentares s\u00e3o servidores de suporte e assessoramento \u00e0 Mesa Diretora e aos Vereadores no desenvolvimento de suas atividades parlamentares. </strong></th></tr>\r\n<tr>\r\n<td>Marcio Roberto de Melo</td>\r\n</tr>\r\n<tr>\r\n<td>Luciana Luiza Lopes</td>\r\n</tr>\r\n<tr>\r\n<td>Vanessa Ferreira Ara\u00fajo</td>\r\n</tr>\r\n<tr>\r\n<td>Mirelly Duarte</td>\r\n</tr>\r\n<tr>\r\n<td><span>(34) 3671-1718 - Ramal 222</span></td>\r\n</tr>\r\n</tbody>\r\n</table>\r\n<table class=\"plain\">\r\n<tbody>\r\n<tr><th>Gestor de Ouvidoria e CAC</th></tr>\r\n<tr><th>O Setor de Gest\u00e3o de Ouvidoria e do CAC \u00e9 um \u00f3rg\u00e3o de interlocu\u00e7\u00e3o entre a C\u00e2mara Municipal e a sociedade, constituindo-se em um canal aberto para o recebimento de solicita\u00e7\u00f5es, reclama\u00e7\u00f5es, sugest\u00f5es e de quaisquer outros encaminhamentos da sociedade, desde que relacionados \u00e0 C\u00e2mara Municipal.</th></tr>\r\n<tr>\r\n<td>Gyovanna Luiza Martins</td>\r\n</tr>\r\n<tr>\r\n<td><span>(34) 3671-1718</span></td>\r\n</tr>\r\n</tbody>\r\n</table>\r\n<table class=\"plain\">\r\n<tbody>\r\n<tr><th>Gestor de Inform\u00e1tica</th></tr>\r\n<tr><th>O Setor de Gest\u00e3o de Inform\u00e1tica \u00e9 um \u00f3rg\u00e3o de gerenciamento dos servi\u00e7os de inform\u00e1tica e Tecnologia da Informa\u00e7\u00e3o - TI do Poder Legislativo Municipal.</th></tr>\r\n<tr>\r\n<td>Pablo Barbosa Lopes</td>\r\n</tr>\r\n<tr>\r\n<td><span>(34) 3671-1718 - Ramal 220</span></td>\r\n</tr>\r\n</tbody>\r\n</table>\r\n<ul class=\"ui-datascroller-list\" style=\"list-style-type: none; \">\r\n<li class=\"ui-datascroller-item\"></li>\r\n</ul>", "author_name": "Interlegis", "version": "1.0", "author_url": "https://www.saogotardo.mg.leg.br/author/Interlegis", "provider_name": "C\u00e2mara Municipal de S\u00e3o Gotardo - MG", "type": "rich"}